{"id":72,"date":"2019-03-18T17:53:36","date_gmt":"2019-03-18T16:53:36","guid":{"rendered":"http:\/\/ercamas.com\/?p=72"},"modified":"2019-03-18T17:53:36","modified_gmt":"2019-03-18T16:53:36","slug":"1kubator-partenaire-du-festival-des-entrepreneurs-a-lyon-les-20-21-mars-2019","status":"publish","type":"post","link":"https:\/\/www.ercamas.com\/index.php\/2019\/03\/18\/1kubator-partenaire-du-festival-des-entrepreneurs-a-lyon-les-20-21-mars-2019\/","title":{"rendered":"1Kubator partenaire du festival des entrepreneurs \u00e0 Lyon les 20-21 mars 2019"},"content":{"rendered":"<h1>Le festival des entrepreneurs, tu connais ? Avec plus de 30 \u00e9v\u00e8nements ouverts \u00e0 tous dans la m\u00e9tropole lyonnaise, LyveLyon booste l\u2019entrepreneuriat\u00a0 de mani\u00e8re cr\u00e9ative et festive pendant 2 jours !<\/h1>\n<p><a href=\"https:\/\/1kubator.com\/incubateur-lyon\/\">1Kubator Lyon<\/a>\u00a0a la chance de participer et d\u2019\u00eatre partenaire de 4 super sessions du festival des entrepreneurs. <a href=\"https:\/\/blog.1kubator.com\/2019\/03\/1kubator-lyon-au-festival-des-entrepreneurs\/\">D\u00e9couvre les ici.<\/a><\/p>\n","protected":false},"excerpt":{"rendered":"<p>Le festival des entrepreneurs, tu connais ? Avec plus de 30 \u00e9v\u00e8nements ouverts \u00e0 tous dans la m\u00e9tropole lyonnaise, LyveLyon booste l\u2019entrepreneuriat\u00a0 de mani\u00e8re cr\u00e9ative et festive pendant 2 jours ! 1Kubator Lyon\u00a0a la chance de participer et d\u2019\u00eatre partenaire de 4 super sessions du festival des entrepreneurs. D\u00e9couvre les ici.<\/p>\n","protected":false},"author":1,"featured_media":0,"comment_status":"open","ping_status":"open","sticky":false,"template":"","format":"standard","meta":{"spay_email":""},"categories":[3],"tags":[],"jetpack_featured_media_url":"","_links":{"self":[{"href":"https:\/\/www.ercamas.com\/index.php\/wp-json\/wp\/v2\/posts\/72"}],"collection":[{"href":"https:\/\/www.ercamas.com\/index.php\/wp-json\/wp\/v2\/posts"}],"about":[{"href":"https:\/\/www.ercamas.com\/index.php\/wp-json\/wp\/v2\/types\/post"}],"author":[{"embeddable":true,"href":"https:\/\/www.ercamas.com\/index.php\/wp-json\/wp\/v2\/users\/1"}],"replies":[{"embeddable":true,"href":"https:\/\/www.ercamas.com\/index.php\/wp-json\/wp\/v2\/comments?post=72"}],"version-history":[{"count":1,"href":"https:\/\/www.ercamas.com\/index.php\/wp-json\/wp\/v2\/posts\/72\/revisions"}],"predecessor-version":[{"id":73,"href":"https:\/\/www.ercamas.com\/index.php\/wp-json\/wp\/v2\/posts\/72\/revisions\/73"}],"wp:attachment":[{"href":"https:\/\/www.ercamas.com\/index.php\/wp-json\/wp\/v2\/media?parent=72"}],"wp:term":[{"taxonomy":"category","embeddable":true,"href":"https:\/\/www.ercamas.com\/index.php\/wp-json\/wp\/v2\/categories?post=72"},{"taxonomy":"post_tag","embeddable":true,"href":"https:\/\/www.ercamas.com\/index.php\/wp-json\/wp\/v2\/tags?post=72"}],"curies":[{"name":"wp","href":"https:\/\/api.w.org\/{rel}","templated":true}]}}